{"id":299,"date":"2017-01-23T07:45:57","date_gmt":"2017-01-23T07:45:57","guid":{"rendered":"https:\/\/test.hawofruits-spain.es\/?p=299"},"modified":"2020-07-08T07:54:02","modified_gmt":"2020-07-08T07:54:02","slug":"hawo-fruits-a-la-fira-biofach","status":"publish","type":"post","link":"https:\/\/hawofruits.com\/ca\/hawo-fruits-a-la-fira-biofach\/","title":{"rendered":"Hawo Fruits a la Fira BioFach"},"content":{"rendered":"<h1>Hawo Fruits a la Fira BioFach<\/h1>\n<p>El proper mes de febrer tindr\u00e0 lloc la Fira <a href=\"https:\/\/www.biofach.de\/\">Biofach a Nuremberg<\/a>, Alemanya, una de les fires m\u00e9s importants a nivel internacional en aliments org\u00e0nics i Hawo Fruits tindr\u00e0 pres\u00e9ncia amb el seu propi stand.<\/p>\n<h2>BioFach, Fira Internacional del Sector de aliments org\u00e0nics i agricultura<\/h2>\n<p>BioFach \u00e9s la fira comercial m\u00e9s gran de m\u00f3n per aliments org\u00e0nics i agricultura. Se celebra cada any al mes de febrer, a Nuremberg, Alemanya. Reuneix m\u00e9s de 2000 expositors i aproximadament 40000 visitants professionals d&#8217;al voltant de 120 pa\u00efsos.<\/p>\n<h2><\/h2>\n","protected":false},"excerpt":{"rendered":"<p>El proper mes de febrer tindr\u00e0 lloc la Fira Biofach a Nuremberg, Alemanya&#8230;<\/p>\n","protected":false},"author":1,"featured_media":306,"comment_status":"closed","ping_status":"closed","sticky":false,"template":"","format":"standard","meta":{"inline_featured_image":false,"footnotes":""},"categories":[1],"tags":[],"class_list":["post-299","post","type-post","status-publish","format-standard","has-post-thumbnail","hentry","category-sense-categoria"],"yoast_head":"<!-- This site is optimized with the Yoast SEO plugin v28.1 - https:\/\/yoast.com\/product\/yoast-seo-wordpress\/ -->\n<title>Hawo Fruits a la Fira BioFach | Hawo Fruits Spain<\/title>\n<meta name=\"description\" content=\"El proper mes de febrer tindr\u00e0 lloc la Fira Biofach a Nuremberg, Alemaya, una de les fires m\u00e9s importants a nivel internacional en aliments org\u00e0nics.\" \/>\n<meta name=\"robots\" content=\"index, follow, max-snippet:-1, max-image-preview:large, max-video-preview:-1\" \/>\n<link rel=\"canonical\" href=\"https:\/\/hawofruits.com\/ca\/hawo-fruits-a-la-fira-biofach\/\" \/>\n<meta property=\"og:locale\" content=\"ca_ES\" \/>\n<meta property=\"og:type\" content=\"article\" \/>\n<meta property=\"og:title\" content=\"Hawo Fruits a la Fira BioFach | Hawo Fruits Spain\" \/>\n<meta property=\"og:description\" content=\"El proper mes de febrer tindr\u00e0 lloc la Fira Biofach a Nuremberg, Alemaya, una de les fires m\u00e9s importants a nivel internacional en aliments org\u00e0nics.\" \/>\n<meta property=\"og:url\" content=\"https:\/\/hawofruits.com\/ca\/hawo-fruits-a-la-fira-biofach\/\" \/>\n<meta property=\"og:site_name\" content=\"Hawo Fruits Spain\" \/>\n<meta property=\"article:published_time\" content=\"2017-01-23T07:45:57+00:00\" \/>\n<meta property=\"article:modified_time\" content=\"2020-07-08T07:54:02+00:00\" \/>\n<meta property=\"og:image\" content=\"https:\/\/hawofruits.com\/wp-content\/uploads\/2017\/01\/biofach-2016.jpg\" \/>\n\t<meta property=\"og:image:width\" content=\"1200\" \/>\n\t<meta property=\"og:image:height\" content=\"600\" \/>\n\t<meta property=\"og:image:type\" content=\"image\/jpeg\" \/>\n<meta name=\"author\" content=\"hawoadmin\" \/>\n<meta name=\"twitter:card\" content=\"summary_large_image\" \/>\n<meta name=\"twitter:label1\" content=\"Escrit per\" \/>\n\t<meta name=\"twitter:data1\" content=\"hawoadmin\" \/>\n<script type=\"application\/ld+json\" class=\"yoast-schema-graph\">{\"@context\":\"https:\\\/\\\/schema.org\",\"@graph\":[{\"@type\":\"Article\",\"@id\":\"https:\\\/\\\/hawofruits.com\\\/ca\\\/hawo-fruits-a-la-fira-biofach\\\/#article\",\"isPartOf\":{\"@id\":\"https:\\\/\\\/hawofruits.com\\\/ca\\\/hawo-fruits-a-la-fira-biofach\\\/\"},\"author\":{\"name\":\"hawoadmin\",\"@id\":\"https:\\\/\\\/hawofruits.com\\\/ca\\\/#\\\/schema\\\/person\\\/679764f8b7ee6d5c201bc06d264b94d7\"},\"headline\":\"Hawo Fruits a la Fira BioFach\",\"datePublished\":\"2017-01-23T07:45:57+00:00\",\"dateModified\":\"2020-07-08T07:54:02+00:00\",\"mainEntityOfPage\":{\"@id\":\"https:\\\/\\\/hawofruits.com\\\/ca\\\/hawo-fruits-a-la-fira-biofach\\\/\"},\"wordCount\":103,\"publisher\":{\"@id\":\"https:\\\/\\\/hawofruits.com\\\/ca\\\/#organization\"},\"image\":{\"@id\":\"https:\\\/\\\/hawofruits.com\\\/ca\\\/hawo-fruits-a-la-fira-biofach\\\/#primaryimage\"},\"thumbnailUrl\":\"https:\\\/\\\/hawofruits.com\\\/wp-content\\\/uploads\\\/2017\\\/01\\\/biofach-2016.jpg\",\"inLanguage\":\"ca\"},{\"@type\":\"WebPage\",\"@id\":\"https:\\\/\\\/hawofruits.com\\\/ca\\\/hawo-fruits-a-la-fira-biofach\\\/\",\"url\":\"https:\\\/\\\/hawofruits.com\\\/ca\\\/hawo-fruits-a-la-fira-biofach\\\/\",\"name\":\"Hawo Fruits a la Fira BioFach | Hawo Fruits Spain\",\"isPartOf\":{\"@id\":\"https:\\\/\\\/hawofruits.com\\\/ca\\\/#website\"},\"primaryImageOfPage\":{\"@id\":\"https:\\\/\\\/hawofruits.com\\\/ca\\\/hawo-fruits-a-la-fira-biofach\\\/#primaryimage\"},\"image\":{\"@id\":\"https:\\\/\\\/hawofruits.com\\\/ca\\\/hawo-fruits-a-la-fira-biofach\\\/#primaryimage\"},\"thumbnailUrl\":\"https:\\\/\\\/hawofruits.com\\\/wp-content\\\/uploads\\\/2017\\\/01\\\/biofach-2016.jpg\",\"datePublished\":\"2017-01-23T07:45:57+00:00\",\"dateModified\":\"2020-07-08T07:54:02+00:00\",\"description\":\"El proper mes de febrer tindr\u00e0 lloc la Fira Biofach a Nuremberg, Alemaya, una de les fires m\u00e9s importants a nivel internacional en aliments org\u00e0nics.\",\"breadcrumb\":{\"@id\":\"https:\\\/\\\/hawofruits.com\\\/ca\\\/hawo-fruits-a-la-fira-biofach\\\/#breadcrumb\"},\"inLanguage\":\"ca\",\"potentialAction\":[{\"@type\":\"ReadAction\",\"target\":[\"https:\\\/\\\/hawofruits.com\\\/ca\\\/hawo-fruits-a-la-fira-biofach\\\/\"]}]},{\"@type\":\"ImageObject\",\"inLanguage\":\"ca\",\"@id\":\"https:\\\/\\\/hawofruits.com\\\/ca\\\/hawo-fruits-a-la-fira-biofach\\\/#primaryimage\",\"url\":\"https:\\\/\\\/hawofruits.com\\\/wp-content\\\/uploads\\\/2017\\\/01\\\/biofach-2016.jpg\",\"contentUrl\":\"https:\\\/\\\/hawofruits.com\\\/wp-content\\\/uploads\\\/2017\\\/01\\\/biofach-2016.jpg\",\"width\":1200,\"height\":600,\"caption\":\"BIOFACH 2016\"},{\"@type\":\"BreadcrumbList\",\"@id\":\"https:\\\/\\\/hawofruits.com\\\/ca\\\/hawo-fruits-a-la-fira-biofach\\\/#breadcrumb\",\"itemListElement\":[{\"@type\":\"ListItem\",\"position\":1,\"name\":\"Home\",\"item\":\"https:\\\/\\\/hawofruits.com\\\/ca\\\/\"},{\"@type\":\"ListItem\",\"position\":2,\"name\":\"Hawo Fruits a la Fira BioFach\"}]},{\"@type\":\"WebSite\",\"@id\":\"https:\\\/\\\/hawofruits.com\\\/ca\\\/#website\",\"url\":\"https:\\\/\\\/hawofruits.com\\\/ca\\\/\",\"name\":\"Hawo Fruits Spain\",\"description\":\"\",\"publisher\":{\"@id\":\"https:\\\/\\\/hawofruits.com\\\/ca\\\/#organization\"},\"alternateName\":\"Hawo Fruits\",\"potentialAction\":[{\"@type\":\"SearchAction\",\"target\":{\"@type\":\"EntryPoint\",\"urlTemplate\":\"https:\\\/\\\/hawofruits.com\\\/ca\\\/?s={search_term_string}\"},\"query-input\":{\"@type\":\"PropertyValueSpecification\",\"valueRequired\":true,\"valueName\":\"search_term_string\"}}],\"inLanguage\":\"ca\"},{\"@type\":\"Organization\",\"@id\":\"https:\\\/\\\/hawofruits.com\\\/ca\\\/#organization\",\"name\":\"Hawo Fruits Spain SL.\",\"url\":\"https:\\\/\\\/hawofruits.com\\\/ca\\\/\",\"logo\":{\"@type\":\"ImageObject\",\"inLanguage\":\"ca\",\"@id\":\"https:\\\/\\\/hawofruits.com\\\/ca\\\/#\\\/schema\\\/logo\\\/image\\\/\",\"url\":\"https:\\\/\\\/hawofruits.com\\\/wp-content\\\/uploads\\\/2022\\\/11\\\/REDES-SOCIALES.jpg\",\"contentUrl\":\"https:\\\/\\\/hawofruits.com\\\/wp-content\\\/uploads\\\/2022\\\/11\\\/REDES-SOCIALES.jpg\",\"width\":600,\"height\":600,\"caption\":\"Hawo Fruits Spain SL.\"},\"image\":{\"@id\":\"https:\\\/\\\/hawofruits.com\\\/ca\\\/#\\\/schema\\\/logo\\\/image\\\/\"},\"sameAs\":[\"https:\\\/\\\/www.linkedin.com\\\/company\\\/hawo-fruits-spain\\\/\",\"https:\\\/\\\/www.youtube.com\\\/channel\\\/UCU49tSruHp-Sg1xiwV5fYSw\"]},{\"@type\":\"Person\",\"@id\":\"https:\\\/\\\/hawofruits.com\\\/ca\\\/#\\\/schema\\\/person\\\/679764f8b7ee6d5c201bc06d264b94d7\",\"name\":\"hawoadmin\",\"image\":{\"@type\":\"ImageObject\",\"inLanguage\":\"ca\",\"@id\":\"https:\\\/\\\/secure.gravatar.com\\\/avatar\\\/0da256192f7d527199f05c399560bd11d28de3e42ed6ce1c0a38a304d2c4e121?s=96&d=mm&r=g\",\"url\":\"https:\\\/\\\/secure.gravatar.com\\\/avatar\\\/0da256192f7d527199f05c399560bd11d28de3e42ed6ce1c0a38a304d2c4e121?s=96&d=mm&r=g\",\"contentUrl\":\"https:\\\/\\\/secure.gravatar.com\\\/avatar\\\/0da256192f7d527199f05c399560bd11d28de3e42ed6ce1c0a38a304d2c4e121?s=96&d=mm&r=g\",\"caption\":\"hawoadmin\"}}]}<\/script>\n<!-- \/ Yoast SEO plugin. -->","yoast_head_json":{"title":"Hawo Fruits a la Fira BioFach | Hawo Fruits Spain","description":"El proper mes de febrer tindr\u00e0 lloc la Fira Biofach a Nuremberg, Alemaya, una de les fires m\u00e9s importants a nivel internacional en aliments org\u00e0nics.","robots":{"index":"index","follow":"follow","max-snippet":"max-snippet:-1","max-image-preview":"max-image-preview:large","max-video-preview":"max-video-preview:-1"},"canonical":"https:\/\/hawofruits.com\/ca\/hawo-fruits-a-la-fira-biofach\/","og_locale":"ca_ES","og_type":"article","og_title":"Hawo Fruits a la Fira BioFach | Hawo Fruits Spain","og_description":"El proper mes de febrer tindr\u00e0 lloc la Fira Biofach a Nuremberg, Alemaya, una de les fires m\u00e9s importants a nivel internacional en aliments org\u00e0nics.","og_url":"https:\/\/hawofruits.com\/ca\/hawo-fruits-a-la-fira-biofach\/","og_site_name":"Hawo Fruits Spain","article_published_time":"2017-01-23T07:45:57+00:00","article_modified_time":"2020-07-08T07:54:02+00:00","og_image":[{"width":1200,"height":600,"url":"https:\/\/hawofruits.com\/wp-content\/uploads\/2017\/01\/biofach-2016.jpg","type":"image\/jpeg"}],"author":"hawoadmin","twitter_card":"summary_large_image","twitter_misc":{"Escrit per":"hawoadmin"},"schema":{"@context":"https:\/\/schema.org","@graph":[{"@type":"Article","@id":"https:\/\/hawofruits.com\/ca\/hawo-fruits-a-la-fira-biofach\/#article","isPartOf":{"@id":"https:\/\/hawofruits.com\/ca\/hawo-fruits-a-la-fira-biofach\/"},"author":{"name":"hawoadmin","@id":"https:\/\/hawofruits.com\/ca\/#\/schema\/person\/679764f8b7ee6d5c201bc06d264b94d7"},"headline":"Hawo Fruits a la Fira BioFach","datePublished":"2017-01-23T07:45:57+00:00","dateModified":"2020-07-08T07:54:02+00:00","mainEntityOfPage":{"@id":"https:\/\/hawofruits.com\/ca\/hawo-fruits-a-la-fira-biofach\/"},"wordCount":103,"publisher":{"@id":"https:\/\/hawofruits.com\/ca\/#organization"},"image":{"@id":"https:\/\/hawofruits.com\/ca\/hawo-fruits-a-la-fira-biofach\/#primaryimage"},"thumbnailUrl":"https:\/\/hawofruits.com\/wp-content\/uploads\/2017\/01\/biofach-2016.jpg","inLanguage":"ca"},{"@type":"WebPage","@id":"https:\/\/hawofruits.com\/ca\/hawo-fruits-a-la-fira-biofach\/","url":"https:\/\/hawofruits.com\/ca\/hawo-fruits-a-la-fira-biofach\/","name":"Hawo Fruits a la Fira BioFach | Hawo Fruits Spain","isPartOf":{"@id":"https:\/\/hawofruits.com\/ca\/#website"},"primaryImageOfPage":{"@id":"https:\/\/hawofruits.com\/ca\/hawo-fruits-a-la-fira-biofach\/#primaryimage"},"image":{"@id":"https:\/\/hawofruits.com\/ca\/hawo-fruits-a-la-fira-biofach\/#primaryimage"},"thumbnailUrl":"https:\/\/hawofruits.com\/wp-content\/uploads\/2017\/01\/biofach-2016.jpg","datePublished":"2017-01-23T07:45:57+00:00","dateModified":"2020-07-08T07:54:02+00:00","description":"El proper mes de febrer tindr\u00e0 lloc la Fira Biofach a Nuremberg, Alemaya, una de les fires m\u00e9s importants a nivel internacional en aliments org\u00e0nics.","breadcrumb":{"@id":"https:\/\/hawofruits.com\/ca\/hawo-fruits-a-la-fira-biofach\/#breadcrumb"},"inLanguage":"ca","potentialAction":[{"@type":"ReadAction","target":["https:\/\/hawofruits.com\/ca\/hawo-fruits-a-la-fira-biofach\/"]}]},{"@type":"ImageObject","inLanguage":"ca","@id":"https:\/\/hawofruits.com\/ca\/hawo-fruits-a-la-fira-biofach\/#primaryimage","url":"https:\/\/hawofruits.com\/wp-content\/uploads\/2017\/01\/biofach-2016.jpg","contentUrl":"https:\/\/hawofruits.com\/wp-content\/uploads\/2017\/01\/biofach-2016.jpg","width":1200,"height":600,"caption":"BIOFACH 2016"},{"@type":"BreadcrumbList","@id":"https:\/\/hawofruits.com\/ca\/hawo-fruits-a-la-fira-biofach\/#breadcrumb","itemListElement":[{"@type":"ListItem","position":1,"name":"Home","item":"https:\/\/hawofruits.com\/ca\/"},{"@type":"ListItem","position":2,"name":"Hawo Fruits a la Fira BioFach"}]},{"@type":"WebSite","@id":"https:\/\/hawofruits.com\/ca\/#website","url":"https:\/\/hawofruits.com\/ca\/","name":"Hawo Fruits Spain","description":"","publisher":{"@id":"https:\/\/hawofruits.com\/ca\/#organization"},"alternateName":"Hawo Fruits","potentialAction":[{"@type":"SearchAction","target":{"@type":"EntryPoint","urlTemplate":"https:\/\/hawofruits.com\/ca\/?s={search_term_string}"},"query-input":{"@type":"PropertyValueSpecification","valueRequired":true,"valueName":"search_term_string"}}],"inLanguage":"ca"},{"@type":"Organization","@id":"https:\/\/hawofruits.com\/ca\/#organization","name":"Hawo Fruits Spain SL.","url":"https:\/\/hawofruits.com\/ca\/","logo":{"@type":"ImageObject","inLanguage":"ca","@id":"https:\/\/hawofruits.com\/ca\/#\/schema\/logo\/image\/","url":"https:\/\/hawofruits.com\/wp-content\/uploads\/2022\/11\/REDES-SOCIALES.jpg","contentUrl":"https:\/\/hawofruits.com\/wp-content\/uploads\/2022\/11\/REDES-SOCIALES.jpg","width":600,"height":600,"caption":"Hawo Fruits Spain SL."},"image":{"@id":"https:\/\/hawofruits.com\/ca\/#\/schema\/logo\/image\/"},"sameAs":["https:\/\/www.linkedin.com\/company\/hawo-fruits-spain\/","https:\/\/www.youtube.com\/channel\/UCU49tSruHp-Sg1xiwV5fYSw"]},{"@type":"Person","@id":"https:\/\/hawofruits.com\/ca\/#\/schema\/person\/679764f8b7ee6d5c201bc06d264b94d7","name":"hawoadmin","image":{"@type":"ImageObject","inLanguage":"ca","@id":"https:\/\/secure.gravatar.com\/avatar\/0da256192f7d527199f05c399560bd11d28de3e42ed6ce1c0a38a304d2c4e121?s=96&d=mm&r=g","url":"https:\/\/secure.gravatar.com\/avatar\/0da256192f7d527199f05c399560bd11d28de3e42ed6ce1c0a38a304d2c4e121?s=96&d=mm&r=g","contentUrl":"https:\/\/secure.gravatar.com\/avatar\/0da256192f7d527199f05c399560bd11d28de3e42ed6ce1c0a38a304d2c4e121?s=96&d=mm&r=g","caption":"hawoadmin"}}]}},"_links":{"self":[{"href":"https:\/\/hawofruits.com\/ca\/wp-json\/wp\/v2\/posts\/299","targetHints":{"allow":["GET"]}}],"collection":[{"href":"https:\/\/hawofruits.com\/ca\/wp-json\/wp\/v2\/posts"}],"about":[{"href":"https:\/\/hawofruits.com\/ca\/wp-json\/wp\/v2\/types\/post"}],"author":[{"embeddable":true,"href":"https:\/\/hawofruits.com\/ca\/wp-json\/wp\/v2\/users\/1"}],"replies":[{"embeddable":true,"href":"https:\/\/hawofruits.com\/ca\/wp-json\/wp\/v2\/comments?post=299"}],"version-history":[{"count":0,"href":"https:\/\/hawofruits.com\/ca\/wp-json\/wp\/v2\/posts\/299\/revisions"}],"wp:featuredmedia":[{"embeddable":true,"href":"https:\/\/hawofruits.com\/ca\/wp-json\/wp\/v2\/media\/306"}],"wp:attachment":[{"href":"https:\/\/hawofruits.com\/ca\/wp-json\/wp\/v2\/media?parent=299"}],"wp:term":[{"taxonomy":"category","embeddable":true,"href":"https:\/\/hawofruits.com\/ca\/wp-json\/wp\/v2\/categories?post=299"},{"taxonomy":"post_tag","embeddable":true,"href":"https:\/\/hawofruits.com\/ca\/wp-json\/wp\/v2\/tags?post=299"}],"curies":[{"name":"wp","href":"https:\/\/api.w.org\/{rel}","templated":true}]}}